[{"@context":"https:\/\/schema.org\/","@type":"Article","@id":"https:\/\/www.stamiko.cz\/sedacky-ktere-jsou-prakticke\/#Article","mainEntityOfPage":"https:\/\/www.stamiko.cz\/sedacky-ktere-jsou-prakticke\/","headline":"Seda\u010dky, kter\u00e9 jsou praktick\u00e9","name":"Seda\u010dky, kter\u00e9 jsou praktick\u00e9","description":"Rozkl\u00e1dac\u00ed seda\u010dky jsou bezesporu snad t\u011bmi nejprakti\u010dt\u011bj\u0161\u00edmi pohovkami, kter\u00e9 byste si v\u016fbec mohli po\u0159\u00eddit. V\u00a0\u010dem tkv\u00ed jejich prakti\u010dnost? Pokud na v\u00e1s zaklepe ne\u010dekan\u00e1 n\u00e1v\u0161t\u011bva, tak nebudete muset panika\u0159it, \u017ee nem\u00e1te \u017e\u00e1dn\u00e9 voln\u011b l\u016f\u017eko anebo dokonce pokoj nav\u00edc. Tato pohovka se d\u00e1 toti\u017e b\u011bhem chvili\u010dky rozlo\u017eit, a t\u00edm p\u00e1dem nab\u00eddne opravdu pohodln\u00e9 a komfortn\u00ed l\u016f\u017eko, na [&hellip;]","datePublished":"2024-11-10","dateModified":"2024-11-10","author":{"@type":"Person","@id":"https:\/\/www.stamiko.cz\/author\/#Person","name":"","url":"https:\/\/www.stamiko.cz\/author\/","identifier":1,"image":{"@type":"ImageObject","@id":"https:\/\/secure.gravatar.com\/avatar\/32bc2d377216483c132a3bbf038b8838926e0616f1b3d0e9cb50d997f0b052ba?s=96&d=mm&r=g","url":"https:\/\/secure.gravatar.com\/avatar\/32bc2d377216483c132a3bbf038b8838926e0616f1b3d0e9cb50d997f0b052ba?s=96&d=mm&r=g","height":96,"width":96}},"publisher":{"@type":"Organization","name":"stamiko.cz","logo":{"@type":"ImageObject","@id":"\/logo.png","url":"\/logo.png","width":600,"height":60}},"url":"https:\/\/www.stamiko.cz\/sedacky-ktere-jsou-prakticke\/","wordCount":264,"articleBody":"Rozkl\u00e1dac\u00ed seda\u010dky jsou bezesporu snad t\u011bmi nejprakti\u010dt\u011bj\u0161\u00edmi pohovkami, kter\u00e9 byste si v\u016fbec mohli po\u0159\u00eddit. V\u00a0\u010dem tkv\u00ed jejich prakti\u010dnost? Pokud na v\u00e1s zaklepe ne\u010dekan\u00e1 n\u00e1v\u0161t\u011bva, tak nebudete muset panika\u0159it, \u017ee nem\u00e1te \u017e\u00e1dn\u00e9 voln\u011b l\u016f\u017eko anebo dokonce pokoj nav\u00edc. Tato pohovka se d\u00e1 toti\u017e b\u011bhem chvili\u010dky rozlo\u017eit, a t\u00edm p\u00e1dem nab\u00eddne opravdu pohodln\u00e9 a komfortn\u00ed l\u016f\u017eko, na kter\u00e9m se \u010dlov\u011bk vysp\u00ed jak na obl\u00e1\u010dku. Nemus\u00edte m\u00edt obavy z\u00a0toho, \u017ee by v\u00e1m do r\u00e1na ztuhly z\u00e1da a \u017ee byste se vyspali zkr\u00e1tka p\u0159\u00ed\u0161ern\u011b. To v\u016fbec ne, pohodl\u00ed je opravdu maxim\u00e1ln\u00ed, tud\u00ed\u017e v\u00e1m v\u016fbec nep\u0159ijde, \u017ee sp\u00ed\u0161e na oby\u010dejn\u00e9 pohovce. I to je d\u016fvodem, pro\u010d v\u00e1m tato z\u00e1le\u017eitost m\u016f\u017ee poslou\u017eit t\u0159eba i na ka\u017edodenn\u00ed sp\u00e1nek.\tV\u00fdb\u011br je na v\u00e1sP\u0159i v\u00fdb\u011bru byste m\u011bli db\u00e1t hlavn\u011b na to, jestli se dan\u00fd kousek hod\u00ed do va\u0161eho interi\u00e9ru, \u010di nikoliv. To, co vypad\u00e1 dob\u0159e v\u00a0jedn\u00e9 dom\u00e1cnosti, nemus\u00ed zpravidla vypadat dob\u0159e i v\u00a0jin\u00e9.\u00a0 Proto se ne\u0159i\u010fte t\u00edm, co jste vid\u011bli n\u011bkde na n\u00e1v\u0161t\u011bv\u011b, ale t\u00edm, v\u00a0jak\u00e9m stylu, v\u00a0jak\u00fdch barv\u00e1ch a tak d\u00e1le je lad\u011bn pr\u00e1v\u011b v\u00e1\u0161 interi\u00e9r. Pouze tak budete schopni vybrat to nejlep\u0161\u00ed.                                                                                                                                                                                                                                                                                                                                                                                        4.3\/5 - (3 votes)        "},{"@context":"https:\/\/schema.org\/","@type":"BreadcrumbList","itemListElement":[{"@type":"ListItem","position":1,"name":"Seda\u010dky, kter\u00e9 jsou praktick\u00e9","item":"https:\/\/www.stamiko.cz\/sedacky-ktere-jsou-prakticke\/#breadcrumbitem"}]}]