[{"@context":"https:\/\/schema.org\/","@type":"Article","@id":"https:\/\/www.stamiko.cz\/skrine-na-miru-za-vyhodnou-cenu-a-s-atraktivnimi-slevami-najdete-jen-u-nas\/#Article","mainEntityOfPage":"https:\/\/www.stamiko.cz\/skrine-na-miru-za-vyhodnou-cenu-a-s-atraktivnimi-slevami-najdete-jen-u-nas\/","headline":"Sk\u0159\u00edn\u011b na m\u00edru za v\u00fdhodnou cenu a s\u00a0atraktivn\u00edmi slevami najdete jen u n\u00e1s","name":"Sk\u0159\u00edn\u011b na m\u00edru za v\u00fdhodnou cenu a s\u00a0atraktivn\u00edmi slevami najdete jen u n\u00e1s","description":"\u0160atn\u00ed je velmi d\u016fle\u017eit\u00fd pomocn\u00edk na ukl\u00e1d\u00e1n\u00ed na\u0161ich pot\u0159ebn\u00fdch v\u011bc\u00ed jako je nap\u0159\u00edklad oble\u010den\u00ed. V nab\u00eddce tuzemsk\u00fdch v\u00fdrobc\u016f-prodejc\u016f jsou kvalitn\u00ed levn\u00e9 \u0161atn\u00ed, p\u0159edev\u0161\u00edm z masivu, d\u00e1le to jsou modern\u00ed s posuvn\u00fdmi dve\u0159mi, z lamina nebo d\u0159evot\u0159\u00edsky- ty jsou kvalitn\u00ed nejm\u00e9n\u011b, av\u0161ak poslou\u017e\u00ed i tak.Sk\u0159\u00edn\u011b je denn\u011b pou\u017e\u00edvan\u00fd kus n\u00e1bytku, kter\u00fd n\u00e1m pom\u00e1h\u00e1 m\u00edt p\u0159ehled o [&hellip;]","datePublished":"2025-02-09","dateModified":"2025-02-09","author":{"@type":"Person","@id":"https:\/\/www.stamiko.cz\/author\/#Person","name":"","url":"https:\/\/www.stamiko.cz\/author\/","identifier":1,"image":{"@type":"ImageObject","@id":"https:\/\/secure.gravatar.com\/avatar\/32bc2d377216483c132a3bbf038b8838926e0616f1b3d0e9cb50d997f0b052ba?s=96&d=mm&r=g","url":"https:\/\/secure.gravatar.com\/avatar\/32bc2d377216483c132a3bbf038b8838926e0616f1b3d0e9cb50d997f0b052ba?s=96&d=mm&r=g","height":96,"width":96}},"publisher":{"@type":"Organization","name":"stamiko.cz","logo":{"@type":"ImageObject","@id":"\/logo.png","url":"\/logo.png","width":600,"height":60}},"url":"https:\/\/www.stamiko.cz\/skrine-na-miru-za-vyhodnou-cenu-a-s-atraktivnimi-slevami-najdete-jen-u-nas\/","wordCount":181,"articleBody":"\u0160atn\u00ed je velmi d\u016fle\u017eit\u00fd pomocn\u00edk na ukl\u00e1d\u00e1n\u00ed na\u0161ich pot\u0159ebn\u00fdch v\u011bc\u00ed jako je nap\u0159\u00edklad oble\u010den\u00ed. V nab\u00eddce tuzemsk\u00fdch v\u00fdrobc\u016f-prodejc\u016f jsou kvalitn\u00ed levn\u00e9 \u0161atn\u00ed, p\u0159edev\u0161\u00edm z masivu, d\u00e1le to jsou modern\u00ed s posuvn\u00fdmi dve\u0159mi, z lamina nebo d\u0159evot\u0159\u00edsky- ty jsou kvalitn\u00ed nejm\u00e9n\u011b, av\u0161ak poslou\u017e\u00ed i tak.Sk\u0159\u00edn\u011b je denn\u011b pou\u017e\u00edvan\u00fd kus n\u00e1bytku, kter\u00fd n\u00e1m pom\u00e1h\u00e1 m\u00edt p\u0159ehled o v\u011bcech, kter\u00e9 m\u00e1me, p\u0159edev\u0161\u00edm o oble\u010den\u00ed. Nejv\u00edce prod\u00e1van\u00e9 jsou kombinovan\u00e9 &#8211; ty kombinuj\u00ed police, z\u00e1suvky, zrcadla a z\u00e1v\u011bsn\u00e9 ty\u010de. Na cel\u00fd \u017eivot? Takzvan\u00e9 sez\u00f3nn\u00ed, nab\u00edz\u00ed diskontn\u00ed prodejny n\u00e1bytku. Nem\u016f\u017eeme o\u010dek\u00e1vat vysokou kvalitu, za to je m\u016f\u017eeme zakoupit p\u0159i b\u011b\u017en\u00e9m n\u00e1kupu. Jsou d\u00edky velkov\u00fdrob\u011b levn\u00e9, ale na jejich kvalitu nem\u016f\u017eeme spol\u00e9hat. Mus\u00edme po\u010d\u00edtat s t\u00edm, \u017ee za n\u011bkolik let bude t\u0159eba obm\u011bna.                                                                                                                                                                                                                                                                                                                                                                                        4.5\/5 - (2 votes)        "},{"@context":"https:\/\/schema.org\/","@type":"BreadcrumbList","itemListElement":[{"@type":"ListItem","position":1,"name":"Sk\u0159\u00edn\u011b na m\u00edru za v\u00fdhodnou cenu a s\u00a0atraktivn\u00edmi slevami najdete jen u n\u00e1s","item":"https:\/\/www.stamiko.cz\/skrine-na-miru-za-vyhodnou-cenu-a-s-atraktivnimi-slevami-najdete-jen-u-nas\/#breadcrumbitem"}]}]